{"id":990,"date":"2023-02-28T11:27:39","date_gmt":"2023-02-28T10:27:39","guid":{"rendered":"http:\/\/jugendfreizeitstaette-brakel.de\/?p=990"},"modified":"2023-02-28T11:27:41","modified_gmt":"2023-02-28T10:27:41","slug":"wellnesstag-2023-nur-fuer-frauen-und-maedchen","status":"publish","type":"post","link":"https:\/\/jugendfreizeitstaette-brakel.de\/?p=990","title":{"rendered":"Wellnesstag 2023 &#8211; nur f\u00fcr Frauen und M\u00e4dchen!"},"content":{"rendered":"\n<p>Im Rahmen des Internationalen Frauentags veranstalten wir einen sch\u00f6nen Wellness-Tag im Hallenbad Brakel &#8211; nur f\u00fcr M\u00e4dchen und Frauen!<\/p>\n\n\n\n<p>Ihr wollt es euch mal so richtig gut gehen lassen? Dann meldet euch ab sofort f\u00fcr den 05. M\u00e4rz an!<\/p>\n\n\n<div class=\"wp-block-image\">\n<figure class=\"aligncenter size-large\"><img loading=\"lazy\" decoding=\"async\" width=\"720\" height=\"1024\" src=\"http:\/\/jugendfreizeitstaette-brakel.de\/wp-content\/uploads\/2023\/02\/wellnesstag2023-720x1024.jpg\" alt=\"\" class=\"wp-image-991\" srcset=\"https:\/\/jugendfreizeitstaette-brakel.de\/wp-content\/uploads\/2023\/02\/wellnesstag2023-720x1024.jpg 720w, https:\/\/jugendfreizeitstaette-brakel.de\/wp-content\/uploads\/2023\/02\/wellnesstag2023-211x300.jpg 211w, https:\/\/jugendfreizeitstaette-brakel.de\/wp-content\/uploads\/2023\/02\/wellnesstag2023-768x1092.jpg 768w, https:\/\/jugendfreizeitstaette-brakel.de\/wp-content\/uploads\/2023\/02\/wellnesstag2023.jpg 1080w\" sizes=\"auto, (max-width: 720px) 100vw, 720px\" \/><\/figure><\/div>","protected":false},"excerpt":{"rendered":"<p>Im Rahmen des Internationalen&#46;&#46;&#46;<\/p>\n","protected":false},"author":2,"featured_media":991,"comment_status":"closed","ping_status":"closed","sticky":false,"template":"","format":"standard","meta":{"ngg_post_thumbnail":0,"footnotes":""},"categories":[1],"tags":[],"class_list":["post-990","post","type-post","status-publish","format-standard","has-post-thumbnail","hentry","category-allgemein"],"_links":{"self":[{"href":"https:\/\/jugendfreizeitstaette-brakel.de\/index.php?rest_route=\/wp\/v2\/posts\/990","targetHints":{"allow":["GET"]}}],"collection":[{"href":"https:\/\/jugendfreizeitstaette-brakel.de\/index.php?rest_route=\/wp\/v2\/posts"}],"about":[{"href":"https:\/\/jugendfreizeitstaette-brakel.de\/index.php?rest_route=\/wp\/v2\/types\/post"}],"author":[{"embeddable":true,"href":"https:\/\/jugendfreizeitstaette-brakel.de\/index.php?rest_route=\/wp\/v2\/users\/2"}],"replies":[{"embeddable":true,"href":"https:\/\/jugendfreizeitstaette-brakel.de\/index.php?rest_route=%2Fwp%2Fv2%2Fcomments&post=990"}],"version-history":[{"count":1,"href":"https:\/\/jugendfreizeitstaette-brakel.de\/index.php?rest_route=\/wp\/v2\/posts\/990\/revisions"}],"predecessor-version":[{"id":992,"href":"https:\/\/jugendfreizeitstaette-brakel.de\/index.php?rest_route=\/wp\/v2\/posts\/990\/revisions\/992"}],"wp:featuredmedia":[{"embeddable":true,"href":"https:\/\/jugendfreizeitstaette-brakel.de\/index.php?rest_route=\/wp\/v2\/media\/991"}],"wp:attachment":[{"href":"https:\/\/jugendfreizeitstaette-brakel.de\/index.php?rest_route=%2Fwp%2Fv2%2Fmedia&parent=990"}],"wp:term":[{"taxonomy":"category","embeddable":true,"href":"https:\/\/jugendfreizeitstaette-brakel.de\/index.php?rest_route=%2Fwp%2Fv2%2Fcategories&post=990"},{"taxonomy":"post_tag","embeddable":true,"href":"https:\/\/jugendfreizeitstaette-brakel.de\/index.php?rest_route=%2Fwp%2Fv2%2Ftags&post=990"}],"curies":[{"name":"wp","href":"https:\/\/api.w.org\/{rel}","templated":true}]}}