{"id":987,"date":"2023-02-28T11:24:31","date_gmt":"2023-02-28T10:24:31","guid":{"rendered":"http:\/\/jugendfreizeitstaette-brakel.de\/?p=987"},"modified":"2023-02-28T11:24:32","modified_gmt":"2023-02-28T10:24:32","slug":"einladung-zum-internationalen-frauenfest-2023","status":"publish","type":"post","link":"https:\/\/jugendfreizeitstaette-brakel.de\/?p=987","title":{"rendered":"Einladung zum internationalen Frauenfest 2023"},"content":{"rendered":"<div class=\"wp-block-image\">\n<figure class=\"aligncenter size-full\"><img loading=\"lazy\" decoding=\"async\" width=\"600\" height=\"900\" src=\"http:\/\/jugendfreizeitstaette-brakel.de\/wp-content\/uploads\/2023\/02\/Frauenfest2023.jpg\" alt=\"\" class=\"wp-image-988\" srcset=\"https:\/\/jugendfreizeitstaette-brakel.de\/wp-content\/uploads\/2023\/02\/Frauenfest2023.jpg 600w, https:\/\/jugendfreizeitstaette-brakel.de\/wp-content\/uploads\/2023\/02\/Frauenfest2023-200x300.jpg 200w\" sizes=\"auto, (max-width: 600px) 100vw, 600px\" \/><\/figure><\/div>\n\n\n<p>Am Freitag, den 10. M\u00e4rz, sind alle Frauen zu einem Fest eingeladen. Bei Musik, Tanz und leckeren K\u00f6stlichkeiten aus aller Welt, wollen wir einen sch\u00f6nen Abend gemeinsam verbringen. <\/p>\n\n\n\n<p>Jede Frau soll daf\u00fcr eine kulinarische K\u00f6stlichkeit mitbringen, auf die sie Lust hat. <\/p>\n\n\n\n<p>Mehr ist nicht zu beachten. Einfach kommen und bringt am besten all eure Freundinnen mit!<\/p>\n\n\n\n<p>Wir freuen uns auf euch!<\/p>\n","protected":false},"excerpt":{"rendered":"<p>Am Freitag, den 10.&#46;&#46;&#46;<\/p>\n","protected":false},"author":2,"featured_media":988,"comment_status":"closed","ping_status":"closed","sticky":false,"template":"","format":"standard","meta":{"ngg_post_thumbnail":0,"footnotes":""},"categories":[1],"tags":[],"class_list":["post-987","post","type-post","status-publish","format-standard","has-post-thumbnail","hentry","category-allgemein"],"_links":{"self":[{"href":"https:\/\/jugendfreizeitstaette-brakel.de\/index.php?rest_route=\/wp\/v2\/posts\/987","targetHints":{"allow":["GET"]}}],"collection":[{"href":"https:\/\/jugendfreizeitstaette-brakel.de\/index.php?rest_route=\/wp\/v2\/posts"}],"about":[{"href":"https:\/\/jugendfreizeitstaette-brakel.de\/index.php?rest_route=\/wp\/v2\/types\/post"}],"author":[{"embeddable":true,"href":"https:\/\/jugendfreizeitstaette-brakel.de\/index.php?rest_route=\/wp\/v2\/users\/2"}],"replies":[{"embeddable":true,"href":"https:\/\/jugendfreizeitstaette-brakel.de\/index.php?rest_route=%2Fwp%2Fv2%2Fcomments&post=987"}],"version-history":[{"count":1,"href":"https:\/\/jugendfreizeitstaette-brakel.de\/index.php?rest_route=\/wp\/v2\/posts\/987\/revisions"}],"predecessor-version":[{"id":989,"href":"https:\/\/jugendfreizeitstaette-brakel.de\/index.php?rest_route=\/wp\/v2\/posts\/987\/revisions\/989"}],"wp:featuredmedia":[{"embeddable":true,"href":"https:\/\/jugendfreizeitstaette-brakel.de\/index.php?rest_route=\/wp\/v2\/media\/988"}],"wp:attachment":[{"href":"https:\/\/jugendfreizeitstaette-brakel.de\/index.php?rest_route=%2Fwp%2Fv2%2Fmedia&parent=987"}],"wp:term":[{"taxonomy":"category","embeddable":true,"href":"https:\/\/jugendfreizeitstaette-brakel.de\/index.php?rest_route=%2Fwp%2Fv2%2Fcategories&post=987"},{"taxonomy":"post_tag","embeddable":true,"href":"https:\/\/jugendfreizeitstaette-brakel.de\/index.php?rest_route=%2Fwp%2Fv2%2Ftags&post=987"}],"curies":[{"name":"wp","href":"https:\/\/api.w.org\/{rel}","templated":true}]}}