{"id":600,"date":"2020-09-17T21:47:38","date_gmt":"2020-09-17T19:47:38","guid":{"rendered":"http:\/\/jugendfreizeitstaette-brakel.de\/?p=600"},"modified":"2020-09-21T22:34:58","modified_gmt":"2020-09-21T20:34:58","slug":"motto-abend-oktober","status":"publish","type":"post","link":"https:\/\/jugendfreizeitstaette-brakel.de\/?p=600","title":{"rendered":"Motto-Abend Oktober"},"content":{"rendered":"\n<p>Wir haben uns mal wieder etwas Tolles f\u00fcr alle Jugendlichen (ab 12 Jahren) und junge Erwachsene einfallen lassen, denn ab Oktober werden wir monatlich einen Motto-Abend veranstalten.<\/p>\n\n\n\n<p>Am 2. Oktober ist es soweit und wir beginnen mit einem gem\u00fctlichen Abend ganz im Sinne von Halloween. Neben einem gem\u00fctlichen Beisammensein wird auch eine Runde \u201eDie Werw\u00f6lfe von D\u00fcsterwald\u201c geboten, ein spannendes Kartenspiel, das witziger wird, umso mehr Spieler teilnehmen.<br>Ob ihr mitmachen wollt, entscheidet aber nat\u00fcrlich ihr alleine!<\/p>\n\n\n\n<p>F\u00fcr kleine Snacks wird gesorgt, Getr\u00e4nke k\u00f6nnen bei Bedarf g\u00fcnstig vor Ort erworben werden.<\/p>\n\n\n\n<p>Kommt vorbei, bringt eure Freunde mit! Wir freuen uns auf euch!Bedenkt, dass die Teilnehmerzahl begrenzt ist. Gegenfalls werden die Gruppen geteilt.<\/p>\n\n\n\n<p>Ort: Jugendfreizeitst\u00e4tte Brakel, Heilige Seele 1, 33034 Brakel<\/p>\n\n\n\n<p>Noch Fragen? Einfach schreiben oder anrufen: <a href=\"mailto:jugendfreizeitstaette@stadtbrakel.de\">jugendfreizeitstaette@stadtbrakel.de<\/a> oder 05272\/6147<\/p>\n\n\n\n<figure class=\"wp-block-image size-large\"><img loading=\"lazy\" decoding=\"async\" width=\"433\" height=\"619\" src=\"http:\/\/jugendfreizeitstaette-brakel.de\/wp-content\/uploads\/2020\/09\/grafik.png\" alt=\"\" class=\"wp-image-601\" srcset=\"https:\/\/jugendfreizeitstaette-brakel.de\/wp-content\/uploads\/2020\/09\/grafik.png 433w, https:\/\/jugendfreizeitstaette-brakel.de\/wp-content\/uploads\/2020\/09\/grafik-210x300.png 210w\" sizes=\"auto, (max-width: 433px) 100vw, 433px\" \/><\/figure>\n","protected":false},"excerpt":{"rendered":"<p>Wir haben uns mal&#46;&#46;&#46;<\/p>\n","protected":false},"author":3,"featured_media":0,"comment_status":"closed","ping_status":"closed","sticky":false,"template":"","format":"standard","meta":{"ngg_post_thumbnail":0,"footnotes":""},"categories":[1],"tags":[],"class_list":["post-600","post","type-post","status-publish","format-standard","hentry","category-allgemein"],"_links":{"self":[{"href":"https:\/\/jugendfreizeitstaette-brakel.de\/index.php?rest_route=\/wp\/v2\/posts\/600","targetHints":{"allow":["GET"]}}],"collection":[{"href":"https:\/\/jugendfreizeitstaette-brakel.de\/index.php?rest_route=\/wp\/v2\/posts"}],"about":[{"href":"https:\/\/jugendfreizeitstaette-brakel.de\/index.php?rest_route=\/wp\/v2\/types\/post"}],"author":[{"embeddable":true,"href":"https:\/\/jugendfreizeitstaette-brakel.de\/index.php?rest_route=\/wp\/v2\/users\/3"}],"replies":[{"embeddable":true,"href":"https:\/\/jugendfreizeitstaette-brakel.de\/index.php?rest_route=%2Fwp%2Fv2%2Fcomments&post=600"}],"version-history":[{"count":2,"href":"https:\/\/jugendfreizeitstaette-brakel.de\/index.php?rest_route=\/wp\/v2\/posts\/600\/revisions"}],"predecessor-version":[{"id":603,"href":"https:\/\/jugendfreizeitstaette-brakel.de\/index.php?rest_route=\/wp\/v2\/posts\/600\/revisions\/603"}],"wp:attachment":[{"href":"https:\/\/jugendfreizeitstaette-brakel.de\/index.php?rest_route=%2Fwp%2Fv2%2Fmedia&parent=600"}],"wp:term":[{"taxonomy":"category","embeddable":true,"href":"https:\/\/jugendfreizeitstaette-brakel.de\/index.php?rest_route=%2Fwp%2Fv2%2Fcategories&post=600"},{"taxonomy":"post_tag","embeddable":true,"href":"https:\/\/jugendfreizeitstaette-brakel.de\/index.php?rest_route=%2Fwp%2Fv2%2Ftags&post=600"}],"curies":[{"name":"wp","href":"https:\/\/api.w.org\/{rel}","templated":true}]}}