{"id":451,"date":"2019-02-15T18:38:41","date_gmt":"2019-02-15T17:38:41","guid":{"rendered":"http:\/\/jugendfreizeitstaette-brakel.de\/?p=451"},"modified":"2019-02-17T22:29:32","modified_gmt":"2019-02-17T21:29:32","slug":"lass-spuren-sichern","status":"publish","type":"post","link":"https:\/\/jugendfreizeitstaette-brakel.de\/?p=451","title":{"rendered":"\u201eLass Spuren Sichern\u201c"},"content":{"rendered":"\n<p><strong>Hilfe f\u00fcr Opfer sexualisierter Gewalt: Kurzfilm zur\nanonymen Spurensicherung l\u00e4uft in Kinos an.<\/strong><\/p>\n\n\n\n<p>Mit F\u00f6rdermitteln des Landesministeriums NRW hat das Kooperationsnetzwerk zur anonymen Spurensicherung im Kreis H\u00f6xter in diesem Jahr den Kinospot zum Thema initiiert. \u201eDer Kurzfilm erg\u00e4nzt die bisherige \u00d6ffentlichkeitskampagne und soll die M\u00f6glichkeit zur anonymen Spurensicherung im Kreisgebiet bekannter machen\u201c, so Gaby B\u00f6ker, Gleichstellungsbeauftragte des Kreises H\u00f6xter.<\/p>\n\n\n\n<div class=\"wp-block-media-text alignwide\" style=\"grid-template-columns:68% auto\"><figure class=\"wp-block-media-text__media\"><video controls src=\"http:\/\/jugendfreizeitstaette-brakel.de\/wp-content\/uploads\/2019\/02\/film-ass-hoexter.mp4\"><\/video><\/figure><div class=\"wp-block-media-text__content\">\n<p class=\"has-large-font-size\"><\/p>\n<\/div><\/div>\n\n\n\n<p><\/p>\n\n\n\n<p>An dem Kooperationsnetzwerk \u201eAnonyme Spurensicherung im Kreis H\u00f6xter\u201c beteiligen sich das St. Ansgar Krankenhaus in H\u00f6xter (Gyn\u00e4kologie), die Abteilung Gesundheitsdienst des Kreises H\u00f6xter, die Opferschutzbeauftragte der Kreispolizeibeh\u00f6rde H\u00f6xter, die Frauenberatungsstelle im Kreis H\u00f6xter, das Frauen- und Kinderschutzhaus im Kreis H\u00f6xter und die Gleichstellungsbeauftragte des Kreises H\u00f6xter<\/p>\n\n\n\n<p>Danke \ud83d\ude42<\/p>\n","protected":false},"excerpt":{"rendered":"<p>Hilfe f\u00fcr Opfer sexualisierter&#46;&#46;&#46;<\/p>\n","protected":false},"author":1,"featured_media":472,"comment_status":"closed","ping_status":"closed","sticky":false,"template":"","format":"standard","meta":{"ngg_post_thumbnail":0,"footnotes":""},"categories":[1],"tags":[],"class_list":["post-451","post","type-post","status-publish","format-standard","has-post-thumbnail","hentry","category-allgemein"],"_links":{"self":[{"href":"https:\/\/jugendfreizeitstaette-brakel.de\/index.php?rest_route=\/wp\/v2\/posts\/451","targetHints":{"allow":["GET"]}}],"collection":[{"href":"https:\/\/jugendfreizeitstaette-brakel.de\/index.php?rest_route=\/wp\/v2\/posts"}],"about":[{"href":"https:\/\/jugendfreizeitstaette-brakel.de\/index.php?rest_route=\/wp\/v2\/types\/post"}],"author":[{"embeddable":true,"href":"https:\/\/jugendfreizeitstaette-brakel.de\/index.php?rest_route=\/wp\/v2\/users\/1"}],"replies":[{"embeddable":true,"href":"https:\/\/jugendfreizeitstaette-brakel.de\/index.php?rest_route=%2Fwp%2Fv2%2Fcomments&post=451"}],"version-history":[{"count":10,"href":"https:\/\/jugendfreizeitstaette-brakel.de\/index.php?rest_route=\/wp\/v2\/posts\/451\/revisions"}],"predecessor-version":[{"id":474,"href":"https:\/\/jugendfreizeitstaette-brakel.de\/index.php?rest_route=\/wp\/v2\/posts\/451\/revisions\/474"}],"wp:featuredmedia":[{"embeddable":true,"href":"https:\/\/jugendfreizeitstaette-brakel.de\/index.php?rest_route=\/wp\/v2\/media\/472"}],"wp:attachment":[{"href":"https:\/\/jugendfreizeitstaette-brakel.de\/index.php?rest_route=%2Fwp%2Fv2%2Fmedia&parent=451"}],"wp:term":[{"taxonomy":"category","embeddable":true,"href":"https:\/\/jugendfreizeitstaette-brakel.de\/index.php?rest_route=%2Fwp%2Fv2%2Fcategories&post=451"},{"taxonomy":"post_tag","embeddable":true,"href":"https:\/\/jugendfreizeitstaette-brakel.de\/index.php?rest_route=%2Fwp%2Fv2%2Ftags&post=451"}],"curies":[{"name":"wp","href":"https:\/\/api.w.org\/{rel}","templated":true}]}}