{"id":1087,"date":"2024-02-22T12:36:07","date_gmt":"2024-02-22T11:36:07","guid":{"rendered":"http:\/\/jugendfreizeitstaette-brakel.de\/?p=1087"},"modified":"2024-02-22T12:38:45","modified_gmt":"2024-02-22T11:38:45","slug":"einladung-zum-maedelsabend","status":"publish","type":"post","link":"https:\/\/jugendfreizeitstaette-brakel.de\/?p=1087","title":{"rendered":"Einladung zum M\u00e4delsabend"},"content":{"rendered":"\n<figure class=\"wp-block-image size-large\"><img loading=\"lazy\" decoding=\"async\" width=\"819\" height=\"1024\" src=\"http:\/\/jugendfreizeitstaette-brakel.de\/wp-content\/uploads\/2024\/02\/maedelsabend-819x1024.png\" alt=\"\" class=\"wp-image-1088\" srcset=\"https:\/\/jugendfreizeitstaette-brakel.de\/wp-content\/uploads\/2024\/02\/maedelsabend-819x1024.png 819w, https:\/\/jugendfreizeitstaette-brakel.de\/wp-content\/uploads\/2024\/02\/maedelsabend-240x300.png 240w, https:\/\/jugendfreizeitstaette-brakel.de\/wp-content\/uploads\/2024\/02\/maedelsabend-768x960.png 768w, https:\/\/jugendfreizeitstaette-brakel.de\/wp-content\/uploads\/2024\/02\/maedelsabend.png 1080w\" sizes=\"auto, (max-width: 819px) 100vw, 819px\" \/><\/figure>\n\n\n\n<p>Im Rahmen der Frauenwoche findet am 04. M\u00e4rz bei uns in der Jugendfreizeitst\u00e4tte ein gem\u00fctlicher und angenehmer Abend f\u00fcr M\u00e4dels ab 12 Jahren statt.<\/p>\n\n\n\n<p>Wir lassen es uns gemeinsam gut gehen und haben ein paar sch\u00f6ne \u00dcberraschungen f\u00fcr euch geplant. Auch f\u00fcr den kleinen Hunger ist gesorgt. <\/p>\n\n\n\n<p>Wir freuen uns auf euch! Kommt einfach vorbei, eine Anmeldung ist nicht erforderlich und die Teilnahme f\u00fcr euch kostenlos. <\/p>\n","protected":false},"excerpt":{"rendered":"<p>Im Rahmen der Frauenwoche&#46;&#46;&#46;<\/p>\n","protected":false},"author":2,"featured_media":1088,"comment_status":"closed","ping_status":"closed","sticky":false,"template":"","format":"standard","meta":{"ngg_post_thumbnail":0,"footnotes":""},"categories":[1],"tags":[],"class_list":["post-1087","post","type-post","status-publish","format-standard","has-post-thumbnail","hentry","category-allgemein"],"_links":{"self":[{"href":"https:\/\/jugendfreizeitstaette-brakel.de\/index.php?rest_route=\/wp\/v2\/posts\/1087","targetHints":{"allow":["GET"]}}],"collection":[{"href":"https:\/\/jugendfreizeitstaette-brakel.de\/index.php?rest_route=\/wp\/v2\/posts"}],"about":[{"href":"https:\/\/jugendfreizeitstaette-brakel.de\/index.php?rest_route=\/wp\/v2\/types\/post"}],"author":[{"embeddable":true,"href":"https:\/\/jugendfreizeitstaette-brakel.de\/index.php?rest_route=\/wp\/v2\/users\/2"}],"replies":[{"embeddable":true,"href":"https:\/\/jugendfreizeitstaette-brakel.de\/index.php?rest_route=%2Fwp%2Fv2%2Fcomments&post=1087"}],"version-history":[{"count":2,"href":"https:\/\/jugendfreizeitstaette-brakel.de\/index.php?rest_route=\/wp\/v2\/posts\/1087\/revisions"}],"predecessor-version":[{"id":1090,"href":"https:\/\/jugendfreizeitstaette-brakel.de\/index.php?rest_route=\/wp\/v2\/posts\/1087\/revisions\/1090"}],"wp:featuredmedia":[{"embeddable":true,"href":"https:\/\/jugendfreizeitstaette-brakel.de\/index.php?rest_route=\/wp\/v2\/media\/1088"}],"wp:attachment":[{"href":"https:\/\/jugendfreizeitstaette-brakel.de\/index.php?rest_route=%2Fwp%2Fv2%2Fmedia&parent=1087"}],"wp:term":[{"taxonomy":"category","embeddable":true,"href":"https:\/\/jugendfreizeitstaette-brakel.de\/index.php?rest_route=%2Fwp%2Fv2%2Fcategories&post=1087"},{"taxonomy":"post_tag","embeddable":true,"href":"https:\/\/jugendfreizeitstaette-brakel.de\/index.php?rest_route=%2Fwp%2Fv2%2Ftags&post=1087"}],"curies":[{"name":"wp","href":"https:\/\/api.w.org\/{rel}","templated":true}]}}