{"id":1078,"date":"2024-01-09T11:50:15","date_gmt":"2024-01-09T10:50:15","guid":{"rendered":"http:\/\/jugendfreizeitstaette-brakel.de\/?p=1078"},"modified":"2024-01-09T11:51:16","modified_gmt":"2024-01-09T10:51:16","slug":"vhs-kurs-fuer-jugendliche-demokratie-zum-mitmachen","status":"publish","type":"post","link":"https:\/\/jugendfreizeitstaette-brakel.de\/?p=1078","title":{"rendered":"VHS Kurs f\u00fcr Jugendliche: Demokratie zum mitmachen!"},"content":{"rendered":"\n<p>Macht bei uns euren Demokratief\u00fchrerschein! Dieses Angebot richtet sich an alle Jugendlichen ab 14 Jahren und ist kostenlos.<\/p>\n\n\n\n<p>Das Zertifikat, dass ihr hierbei erwerben k\u00f6nnt, kann sp\u00e4ter sogar f\u00fcr Bewerbungen genutzt werden.<\/p>\n\n\n\n<p>Meldet euch jetzt an!<\/p>\n\n\n<div class=\"wp-block-image\">\n<figure class=\"aligncenter size-large\"><img loading=\"lazy\" decoding=\"async\" width=\"728\" height=\"1024\" src=\"http:\/\/jugendfreizeitstaette-brakel.de\/wp-content\/uploads\/2024\/01\/demokratiefueherschein-728x1024.jpg\" alt=\"\" class=\"wp-image-1079\" srcset=\"https:\/\/jugendfreizeitstaette-brakel.de\/wp-content\/uploads\/2024\/01\/demokratiefueherschein-728x1024.jpg 728w, https:\/\/jugendfreizeitstaette-brakel.de\/wp-content\/uploads\/2024\/01\/demokratiefueherschein-213x300.jpg 213w, https:\/\/jugendfreizeitstaette-brakel.de\/wp-content\/uploads\/2024\/01\/demokratiefueherschein-768x1081.jpg 768w, https:\/\/jugendfreizeitstaette-brakel.de\/wp-content\/uploads\/2024\/01\/demokratiefueherschein.jpg 1049w\" sizes=\"auto, (max-width: 728px) 100vw, 728px\" \/><\/figure><\/div>","protected":false},"excerpt":{"rendered":"<p>Macht bei uns euren&#46;&#46;&#46;<\/p>\n","protected":false},"author":2,"featured_media":1079,"comment_status":"closed","ping_status":"closed","sticky":false,"template":"","format":"standard","meta":{"ngg_post_thumbnail":0,"footnotes":""},"categories":[1],"tags":[],"class_list":["post-1078","post","type-post","status-publish","format-standard","has-post-thumbnail","hentry","category-allgemein"],"_links":{"self":[{"href":"https:\/\/jugendfreizeitstaette-brakel.de\/index.php?rest_route=\/wp\/v2\/posts\/1078","targetHints":{"allow":["GET"]}}],"collection":[{"href":"https:\/\/jugendfreizeitstaette-brakel.de\/index.php?rest_route=\/wp\/v2\/posts"}],"about":[{"href":"https:\/\/jugendfreizeitstaette-brakel.de\/index.php?rest_route=\/wp\/v2\/types\/post"}],"author":[{"embeddable":true,"href":"https:\/\/jugendfreizeitstaette-brakel.de\/index.php?rest_route=\/wp\/v2\/users\/2"}],"replies":[{"embeddable":true,"href":"https:\/\/jugendfreizeitstaette-brakel.de\/index.php?rest_route=%2Fwp%2Fv2%2Fcomments&post=1078"}],"version-history":[{"count":1,"href":"https:\/\/jugendfreizeitstaette-brakel.de\/index.php?rest_route=\/wp\/v2\/posts\/1078\/revisions"}],"predecessor-version":[{"id":1080,"href":"https:\/\/jugendfreizeitstaette-brakel.de\/index.php?rest_route=\/wp\/v2\/posts\/1078\/revisions\/1080"}],"wp:featuredmedia":[{"embeddable":true,"href":"https:\/\/jugendfreizeitstaette-brakel.de\/index.php?rest_route=\/wp\/v2\/media\/1079"}],"wp:attachment":[{"href":"https:\/\/jugendfreizeitstaette-brakel.de\/index.php?rest_route=%2Fwp%2Fv2%2Fmedia&parent=1078"}],"wp:term":[{"taxonomy":"category","embeddable":true,"href":"https:\/\/jugendfreizeitstaette-brakel.de\/index.php?rest_route=%2Fwp%2Fv2%2Fcategories&post=1078"},{"taxonomy":"post_tag","embeddable":true,"href":"https:\/\/jugendfreizeitstaette-brakel.de\/index.php?rest_route=%2Fwp%2Fv2%2Ftags&post=1078"}],"curies":[{"name":"wp","href":"https:\/\/api.w.org\/{rel}","templated":true}]}}