{"id":1048,"date":"2023-11-08T21:19:25","date_gmt":"2023-11-08T20:19:25","guid":{"rendered":"http:\/\/jugendfreizeitstaette-brakel.de\/?p=1048"},"modified":"2023-11-12T21:23:39","modified_gmt":"2023-11-12T20:23:39","slug":"1048","status":"publish","type":"post","link":"https:\/\/jugendfreizeitstaette-brakel.de\/?p=1048","title":{"rendered":"Lauschen und genie\u00dfen am Bundesweiten Vorlesetag!"},"content":{"rendered":"\n<p>Auch bei uns wird es in diesem Jahr eine Aktion zum bundesweiten Vorlesetag geben. Kommt vorbei, setzt euch mit uns rund um die Feuerschale, grillt euer Stockbrot und lauscht aus Jana Freys &#8222;H\u00f6henflug abw\u00e4rts&#8220;. Das wird gem\u00fctlich!<\/p>\n\n\n\n<p>Wir freuen uns, euch hierzu am 17. November 2023 ab 19 Uhr bei uns in der Jugendfreizeitst\u00e4tte zu sehen. <\/p>\n\n\n\n<figure class=\"wp-block-image size-large\"><img loading=\"lazy\" decoding=\"async\" width=\"819\" height=\"1024\" src=\"http:\/\/jugendfreizeitstaette-brakel.de\/wp-content\/uploads\/2023\/11\/Vorlesetag-819x1024.png\" alt=\"\" class=\"wp-image-1049\" srcset=\"https:\/\/jugendfreizeitstaette-brakel.de\/wp-content\/uploads\/2023\/11\/Vorlesetag-819x1024.png 819w, https:\/\/jugendfreizeitstaette-brakel.de\/wp-content\/uploads\/2023\/11\/Vorlesetag-240x300.png 240w, https:\/\/jugendfreizeitstaette-brakel.de\/wp-content\/uploads\/2023\/11\/Vorlesetag-768x960.png 768w, https:\/\/jugendfreizeitstaette-brakel.de\/wp-content\/uploads\/2023\/11\/Vorlesetag.png 1080w\" sizes=\"auto, (max-width: 819px) 100vw, 819px\" \/><\/figure>\n","protected":false},"excerpt":{"rendered":"<p>Auch bei uns wird&#46;&#46;&#46;<\/p>\n","protected":false},"author":2,"featured_media":1049,"comment_status":"closed","ping_status":"closed","sticky":false,"template":"","format":"standard","meta":{"ngg_post_thumbnail":0,"footnotes":""},"categories":[1],"tags":[],"class_list":["post-1048","post","type-post","status-publish","format-standard","has-post-thumbnail","hentry","category-allgemein"],"_links":{"self":[{"href":"https:\/\/jugendfreizeitstaette-brakel.de\/index.php?rest_route=\/wp\/v2\/posts\/1048","targetHints":{"allow":["GET"]}}],"collection":[{"href":"https:\/\/jugendfreizeitstaette-brakel.de\/index.php?rest_route=\/wp\/v2\/posts"}],"about":[{"href":"https:\/\/jugendfreizeitstaette-brakel.de\/index.php?rest_route=\/wp\/v2\/types\/post"}],"author":[{"embeddable":true,"href":"https:\/\/jugendfreizeitstaette-brakel.de\/index.php?rest_route=\/wp\/v2\/users\/2"}],"replies":[{"embeddable":true,"href":"https:\/\/jugendfreizeitstaette-brakel.de\/index.php?rest_route=%2Fwp%2Fv2%2Fcomments&post=1048"}],"version-history":[{"count":2,"href":"https:\/\/jugendfreizeitstaette-brakel.de\/index.php?rest_route=\/wp\/v2\/posts\/1048\/revisions"}],"predecessor-version":[{"id":1051,"href":"https:\/\/jugendfreizeitstaette-brakel.de\/index.php?rest_route=\/wp\/v2\/posts\/1048\/revisions\/1051"}],"wp:featuredmedia":[{"embeddable":true,"href":"https:\/\/jugendfreizeitstaette-brakel.de\/index.php?rest_route=\/wp\/v2\/media\/1049"}],"wp:attachment":[{"href":"https:\/\/jugendfreizeitstaette-brakel.de\/index.php?rest_route=%2Fwp%2Fv2%2Fmedia&parent=1048"}],"wp:term":[{"taxonomy":"category","embeddable":true,"href":"https:\/\/jugendfreizeitstaette-brakel.de\/index.php?rest_route=%2Fwp%2Fv2%2Fcategories&post=1048"},{"taxonomy":"post_tag","embeddable":true,"href":"https:\/\/jugendfreizeitstaette-brakel.de\/index.php?rest_route=%2Fwp%2Fv2%2Ftags&post=1048"}],"curies":[{"name":"wp","href":"https:\/\/api.w.org\/{rel}","templated":true}]}}